{"@context":"https:\/\/schema.org\/","@type":"CollectionPage","@id":"https:\/\/www.transalp.cz\/zeny\/#CollectionPage","headline":"\u017deny Category","description":"","url":"https:\/\/www.transalp.cz\/zeny\/","hasPart":[{"@type":"Article","@id":"https:\/\/www.transalp.cz\/ve-svete-prijemnych-pocitu\/","headline":"Ve sv\u011bt\u011b p\u0159\u00edjemn\u00fdch pocit\u016f","url":"https:\/\/www.transalp.cz\/ve-svete-prijemnych-pocitu\/","datePublished":"2025-03-01","dateModified":"2023-04-29","mainEntityOfPage":"https:\/\/www.transalp.cz\/ve-svete-prijemnych-pocitu\/","author":{"@type":"Person","@id":"https:\/\/www.transalp.cz\/author\/#Person","name":"transalp.cz\n","url":"https:\/\/www.transalp.cz\/author\/","identifier":1,"image":{"@type":"ImageObject","@id":"https:\/\/secure.gravatar.com\/avatar\/831abbcc684823965c5caa39ae4561083127c8aedfe9e524c6cecc176998c733?s=96&d=mm&r=g","url":"https:\/\/secure.gravatar.com\/avatar\/831abbcc684823965c5caa39ae4561083127c8aedfe9e524c6cecc176998c733?s=96&d=mm&r=g","height":96,"width":96}},"publisher":{"@type":"Organization","name":"transalp.cz","logo":{"@type":"ImageObject","@id":"\/logo.png","url":"\/logo.png","width":600,"height":60}},"image":{"@type":"ImageObject","@id":"https:\/\/www.transalp.cz\/wp-content\/uploads\/img_a309688_w2083_t1520628025.jpg","url":"https:\/\/www.transalp.cz\/wp-content\/uploads\/img_a309688_w2083_t1520628025.jpg","height":0,"width":0},"keywords":null},{"@type":"Article","@id":"https:\/\/www.transalp.cz\/jsou-muzi-z-marsu-a-zeny-z-venuse-zeptali-jsme-se-vedcu-z-rakouske-univerzity\/","headline":"Jsou mu\u017ei z Marsu a \u017eeny z Venu\u0161e? Zeptali jsme se v\u011bdc\u016f z rakousk\u00e9 univerzity","url":"https:\/\/www.transalp.cz\/jsou-muzi-z-marsu-a-zeny-z-venuse-zeptali-jsme-se-vedcu-z-rakouske-univerzity\/","datePublished":"2025-02-27","dateModified":"2023-04-29","mainEntityOfPage":"https:\/\/www.transalp.cz\/jsou-muzi-z-marsu-a-zeny-z-venuse-zeptali-jsme-se-vedcu-z-rakouske-univerzity\/","author":{"@type":"Person","@id":"https:\/\/www.transalp.cz\/author\/#Person","name":"transalp.cz\n","url":"https:\/\/www.transalp.cz\/author\/","identifier":1,"image":{"@type":"ImageObject","@id":"https:\/\/secure.gravatar.com\/avatar\/831abbcc684823965c5caa39ae4561083127c8aedfe9e524c6cecc176998c733?s=96&d=mm&r=g","url":"https:\/\/secure.gravatar.com\/avatar\/831abbcc684823965c5caa39ae4561083127c8aedfe9e524c6cecc176998c733?s=96&d=mm&r=g","height":96,"width":96}},"publisher":{"@type":"Organization","name":"transalp.cz","logo":{"@type":"ImageObject","@id":"\/logo.png","url":"\/logo.png","width":600,"height":60}},"image":{"@type":"ImageObject","@id":"https:\/\/www.transalp.cz\/wp-content\/uploads\/img_a288230_w2083_t1498670059.jpg","url":"https:\/\/www.transalp.cz\/wp-content\/uploads\/img_a288230_w2083_t1498670059.jpg","height":0,"width":0},"keywords":null},{"@type":"Article","@id":"https:\/\/www.transalp.cz\/proc-maji-zeny-velke-nohy\/","headline":"Pro\u010d maj\u00ed \u017eeny velk\u00e9 nohy?","url":"https:\/\/www.transalp.cz\/proc-maji-zeny-velke-nohy\/","datePublished":"2025-02-27","dateModified":"2023-04-29","mainEntityOfPage":"https:\/\/www.transalp.cz\/proc-maji-zeny-velke-nohy\/","author":{"@type":"Person","@id":"https:\/\/www.transalp.cz\/author\/#Person","name":"transalp.cz\n","url":"https:\/\/www.transalp.cz\/author\/","identifier":1,"image":{"@type":"ImageObject","@id":"https:\/\/secure.gravatar.com\/avatar\/831abbcc684823965c5caa39ae4561083127c8aedfe9e524c6cecc176998c733?s=96&d=mm&r=g","url":"https:\/\/secure.gravatar.com\/avatar\/831abbcc684823965c5caa39ae4561083127c8aedfe9e524c6cecc176998c733?s=96&d=mm&r=g","height":96,"width":96}},"publisher":{"@type":"Organization","name":"transalp.cz","logo":{"@type":"ImageObject","@id":"\/logo.png","url":"\/logo.png","width":600,"height":60}},"image":{"@type":"ImageObject","@id":"https:\/\/www.transalp.cz\/wp-content\/uploads\/img_a288482_w2083_t1498831631.jpg","url":"https:\/\/www.transalp.cz\/wp-content\/uploads\/img_a288482_w2083_t1498831631.jpg","height":0,"width":0},"keywords":null},{"@type":"Article","@id":"https:\/\/www.transalp.cz\/vase-nova-zivotni-role-macecha\/","headline":"Va\u0161e nov\u00e1 \u017eivotn\u00ed role \u2013 macecha","url":"https:\/\/www.transalp.cz\/vase-nova-zivotni-role-macecha\/","datePublished":"2025-02-25","dateModified":"2023-04-29","mainEntityOfPage":"https:\/\/www.transalp.cz\/vase-nova-zivotni-role-macecha\/","author":{"@type":"Person","@id":"https:\/\/www.transalp.cz\/author\/#Person","name":"transalp.cz\n","url":"https:\/\/www.transalp.cz\/author\/","identifier":1,"image":{"@type":"ImageObject","@id":"https:\/\/secure.gravatar.com\/avatar\/831abbcc684823965c5caa39ae4561083127c8aedfe9e524c6cecc176998c733?s=96&d=mm&r=g","url":"https:\/\/secure.gravatar.com\/avatar\/831abbcc684823965c5caa39ae4561083127c8aedfe9e524c6cecc176998c733?s=96&d=mm&r=g","height":96,"width":96}},"publisher":{"@type":"Organization","name":"transalp.cz","logo":{"@type":"ImageObject","@id":"\/logo.png","url":"\/logo.png","width":600,"height":60}},"image":{"@type":"ImageObject","@id":"https:\/\/www.transalp.cz\/wp-content\/uploads\/img_a336773_w2083_t1550071672.jpg","url":"https:\/\/www.transalp.cz\/wp-content\/uploads\/img_a336773_w2083_t1550071672.jpg","height":0,"width":0},"keywords":null},{"@type":"Article","@id":"https:\/\/www.transalp.cz\/jak-se-zachovat-kdyz-se-deti-osamostatni\/","headline":"Jak se zachovat, kdy\u017e se d\u011bti osamostatn\u00ed","url":"https:\/\/www.transalp.cz\/jak-se-zachovat-kdyz-se-deti-osamostatni\/","datePublished":"2025-02-25","dateModified":"2023-04-29","mainEntityOfPage":"https:\/\/www.transalp.cz\/jak-se-zachovat-kdyz-se-deti-osamostatni\/","author":{"@type":"Person","@id":"https:\/\/www.transalp.cz\/author\/#Person","name":"transalp.cz\n","url":"https:\/\/www.transalp.cz\/author\/","identifier":1,"image":{"@type":"ImageObject","@id":"https:\/\/secure.gravatar.com\/avatar\/831abbcc684823965c5caa39ae4561083127c8aedfe9e524c6cecc176998c733?s=96&d=mm&r=g","url":"https:\/\/secure.gravatar.com\/avatar\/831abbcc684823965c5caa39ae4561083127c8aedfe9e524c6cecc176998c733?s=96&d=mm&r=g","height":96,"width":96}},"publisher":{"@type":"Organization","name":"transalp.cz","logo":{"@type":"ImageObject","@id":"\/logo.png","url":"\/logo.png","width":600,"height":60}},"image":{"@type":"ImageObject","@id":"https:\/\/www.transalp.cz\/wp-content\/uploads\/img_a312260_w2083_t1523266220.jpg","url":"https:\/\/www.transalp.cz\/wp-content\/uploads\/img_a312260_w2083_t1523266220.jpg","height":0,"width":0},"keywords":null},{"@type":"Article","@id":"https:\/\/www.transalp.cz\/co-by-mela-mit-v-kabelce-kazda-zena\/","headline":"Co by m\u011bla m\u00edt v kabelce ka\u017ed\u00e1 \u017eena","url":"https:\/\/www.transalp.cz\/co-by-mela-mit-v-kabelce-kazda-zena\/","datePublished":"2019-01-26","dateModified":"2023-04-29","mainEntityOfPage":"https:\/\/www.transalp.cz\/co-by-mela-mit-v-kabelce-kazda-zena\/","author":{"@type":"Person","@id":"https:\/\/www.transalp.cz\/author\/#Person","name":"transalp.cz\n","url":"https:\/\/www.transalp.cz\/author\/","identifier":1,"image":{"@type":"ImageObject","@id":"https:\/\/secure.gravatar.com\/avatar\/831abbcc684823965c5caa39ae4561083127c8aedfe9e524c6cecc176998c733?s=96&d=mm&r=g","url":"https:\/\/secure.gravatar.com\/avatar\/831abbcc684823965c5caa39ae4561083127c8aedfe9e524c6cecc176998c733?s=96&d=mm&r=g","height":96,"width":96}},"publisher":{"@type":"Organization","name":"transalp.cz","logo":{"@type":"ImageObject","@id":"\/logo.png","url":"\/logo.png","width":600,"height":60}},"image":{"@type":"ImageObject","@id":"https:\/\/www.transalp.cz\/wp-content\/uploads\/img_a334889_w2083_t1548401465.jpg","url":"https:\/\/www.transalp.cz\/wp-content\/uploads\/img_a334889_w2083_t1548401465.jpg","height":0,"width":0},"keywords":null},{"@type":"Article","@id":"https:\/\/www.transalp.cz\/bilkovinna-dieta\/","headline":"B\u00edlkovinn\u00e1 dieta","url":"https:\/\/www.transalp.cz\/bilkovinna-dieta\/","datePublished":"2018-01-13","dateModified":"2023-04-29","mainEntityOfPage":"https:\/\/www.transalp.cz\/bilkovinna-dieta\/","author":{"@type":"Person","@id":"https:\/\/www.transalp.cz\/author\/#Person","name":"transalp.cz\n","url":"https:\/\/www.transalp.cz\/author\/","identifier":1,"image":{"@type":"ImageObject","@id":"https:\/\/secure.gravatar.com\/avatar\/831abbcc684823965c5caa39ae4561083127c8aedfe9e524c6cecc176998c733?s=96&d=mm&r=g","url":"https:\/\/secure.gravatar.com\/avatar\/831abbcc684823965c5caa39ae4561083127c8aedfe9e524c6cecc176998c733?s=96&d=mm&r=g","height":96,"width":96}},"publisher":{"@type":"Organization","name":"transalp.cz","logo":{"@type":"ImageObject","@id":"\/logo.png","url":"\/logo.png","width":600,"height":60}},"image":{"@type":"ImageObject","@id":"https:\/\/www.transalp.cz\/wp-content\/uploads\/img_a308927_w2083_t1519977960.jpg","url":"https:\/\/www.transalp.cz\/wp-content\/uploads\/img_a308927_w2083_t1519977960.jpg","height":0,"width":0},"keywords":null},{"@type":"Article","@id":"https:\/\/www.transalp.cz\/prakticky-kancelarsky-stul-rohovy\/","headline":"Praktick\u00fd kancel\u00e1\u0159sk\u00fd st\u016fl rohov\u00fd","url":"https:\/\/www.transalp.cz\/prakticky-kancelarsky-stul-rohovy\/","datePublished":"2017-05-27","dateModified":"2023-04-29","mainEntityOfPage":"https:\/\/www.transalp.cz\/prakticky-kancelarsky-stul-rohovy\/","author":{"@type":"Person","@id":"https:\/\/www.transalp.cz\/author\/#Person","name":"transalp.cz\n","url":"https:\/\/www.transalp.cz\/author\/","identifier":1,"image":{"@type":"ImageObject","@id":"https:\/\/secure.gravatar.com\/avatar\/831abbcc684823965c5caa39ae4561083127c8aedfe9e524c6cecc176998c733?s=96&d=mm&r=g","url":"https:\/\/secure.gravatar.com\/avatar\/831abbcc684823965c5caa39ae4561083127c8aedfe9e524c6cecc176998c733?s=96&d=mm&r=g","height":96,"width":96}},"publisher":{"@type":"Organization","name":"transalp.cz","logo":{"@type":"ImageObject","@id":"\/logo.png","url":"\/logo.png","width":600,"height":60}},"image":{"@type":"ImageObject","@id":"https:\/\/www.transalp.cz\/wp-content\/uploads\/img_a288345_w2083_t1498747388.jpg","url":"https:\/\/www.transalp.cz\/wp-content\/uploads\/img_a288345_w2083_t1498747388.jpg","height":0,"width":0},"keywords":null}]}